{"id":962,"date":"2023-06-19T17:53:19","date_gmt":"2023-06-19T15:53:19","guid":{"rendered":"https:\/\/michaeldoerner.de\/?p=962"},"modified":"2024-08-27T21:18:57","modified_gmt":"2024-08-27T19:18:57","slug":"entransito","status":"publish","type":"post","link":"https:\/\/michaeldoerner.de\/en\/einladungen\/entransito\/","title":{"rendered":"ENTRANS\u00ccTO"},"content":{"rendered":"<p> <\/p>\n\n\n\n<p><\/p>\n\n\n\n<p>Wahrnehmung und Wirklichkeit auf Durchreise<\/p>\n\n\n\n<p>(Ein experimenteller Versuch den \u00dcbergang zwischen gestern, jetzt und morgen auszuloten.)<\/p>\n\n\n\n<div class=\"wp-block-group is-vertical is-layout-flex wp-container-core-group-is-layout-1 wp-block-group-is-layout-flex\">\n<p><strong>Sa Punta des Mol\u00ed \u2013 San Antoni de Portmany (Ibiza)<\/strong><\/p>\n\n\n\n<p><strong>Projekt vom 24.April 2023 bis 30. April 2023<\/strong><\/p>\n\n\n\n<p><strong>Ausstellungser\u00f6ffnung: 27. April 2023<\/strong><\/p>\n<\/div>\n\n\n\n<p>Anders als rational \u00f6konomisch denkenden Menschen steht es K\u00fcnstler*innen frei, das Zeitkontinuum au\u00dfer acht zu lassen und zeitlose Positionen zu entwickeln.<\/p>\n\n\n\n<p>Als Walter Benjamin von 1932 bis 1933 mehrere Aufenthalte in dem Nebengeb\u00e4ude \u201aCan Frasquito\u2018 auf dem Gel\u00e4nde&nbsp;<em>Sa Punta des Mol\u00ed<\/em>&nbsp;vollzog, besch\u00e4ftigte er sich unter anderem mit dem Passagen-Werk, der Berliner Chronik, Erfahrung und Armut und schrieb in einer Reihe von Briefen \u00fcber seine Eindr\u00fccke aus Ibiza. F\u00fcr Benjamin war die Insel selbst ein Ort des \u00dcbergangs, in der Elemente der Natur mit Kultur verkn\u00fcpft werden. Als vor den Nationalsozialen fl\u00fcchtender Jude, war er selbst von Migration betroffen und befand sich in einem st\u00e4ndigen Konflikt des \u00dcbergangs.&nbsp;<\/p>\n\n\n\n<p>Die Wirklichkeit aus dem Blickwinkel der \u00d6konomie betrachtet, ist eine andere, als die der Wahrnehmung durch K\u00fcnstler*innen. K\u00fcnstler*innen sind meist Reisende ohne Ziel. Sie finden Orte, in denen ihre Ideen Zuflucht finden. Sie sind Nomaden, denen die Freiheit wichtiger ist, als \u00f6konomische Bed\u00fcrfnisse. Insofern scheint ein Raum, der im eigentlichen Sinne nur ein \u201aTransitraum\u2018 ist, eine Herausforderung darzustellen.&nbsp;<\/p>\n\n\n\n<p>Im \u00dcbergang befindet sich gewisserma\u00dfen alles an diesem Ort. Nicht nur das Korn, das zu feinem Mehl verarbeitet wurde, auch die ben\u00f6tigte Energie, die sich durch Wind und Wasser ausgel\u00f6st in Drehbewegungen verwandelt. Ebenso der kulturelle und urbane Wandel, der sich hier gut sichtbar vollzieht, zeichnet Denkbilder von Passagen auf. Es sind Erfahrungen sich wandelnder St\u00e4dte und Orte, die sich als Erfahrung des \u201aDurchgangs und der Bewegung\u2018 auch bei Walter Benjamin finden lassen.<\/p>\n\n\n\n<p>Diese Herausforderung hat eine Gruppe von K\u00fcnstler*innen und Kurator*innen angenommen und sich mit der offensichtlichen Thematik des Zwischenraums, Durchgangs, \u00dcbergangs und der Passagen, aber auch der Problematik des Over-tourismus, der \u00d6konomie der Bewegung und Mobilit\u00e4t gewidmet. F\u00fcr eine Woche arbeiten und interagieren sie, um einerseits auf eine sich permanent ver\u00e4ndernde Wirklichkeit hinzuweisen, anderseits aber auch dadurch sichtbar gewordene Probleme wie Migration, Flucht, Massentourismus, Angst, Diskriminierung, k\u00fcnstlerisch zu verarbeiten.<\/p>\n\n\n\n<p>Sie stellen sich Fragen wie:&nbsp;<\/p>\n\n\n\n<p>Was treibt die Menschen an, sich permanent durch um den Globus zu bewegen? Ist nicht das Leben an sich eine Reise? Sind wir nicht st\u00e4ndig auf der Durchreise? Wo ist unsere Heimat, wo unser zu Hause?&nbsp;Wo ist die Schnittstelle zwischen Flucht und Tourismus? Welche Gef\u00fchle spielen an Transitorten eine Rolle? Welche Rolle spielt die Identit\u00e4t der Person?&nbsp;Kann die Menschheitsgeschichte als Geschichte eines kontinuierlichen Transits begriffen werden? Wof\u00fcr stehen stillgelegte Orte?&nbsp;Wie sieht San Antoni de Portmany in 50 Jahren aus?<\/p>\n\n\n\n<p>Die Ausstellung l\u00e4dt Besucher*innen ein \u00fcber Utopien und Dystopien nachzudenken.<\/p>\n\n\n\n<figure class=\"wp-block-embed is-type-wp-embed is-provider-entransito-2024 wp-block-embed-entransito-2024\"><div class=\"wp-block-embed__wrapper\">\n<blockquote hcb-fetch-image-from=\"https:\/\/entransito.de\" class=\"wp-embedded-content\" data-secret=\"Y7fRDOIGSp\"><a href=\"https:\/\/entransito.de\/\">ENTRANSITO 2025<\/a><\/blockquote><iframe loading=\"lazy\" class=\"wp-embedded-content\" sandbox=\"allow-scripts\" security=\"restricted\" style=\"position: absolute; clip: rect(1px, 1px, 1px, 1px);\" title=\"&#8222;ENTRANSITO 2025&#8220; &#8212; Entransito 2025\" src=\"https:\/\/entransito.de\/embed\/#?secret=vAzBg3F4gd#?secret=Y7fRDOIGSp\" data-secret=\"Y7fRDOIGSp\" width=\"600\" height=\"338\" frameborder=\"0\" marginwidth=\"0\" marginheight=\"0\" scrolling=\"no\"><\/iframe>\n<\/div><figcaption class=\"wp-element-caption\"><a href=\"https:\/\/entransito.de\">https:\/\/entransito.de<\/a><\/figcaption><\/figure>\n\n\n\n<p><\/p>\n\n\n\n<div class=\"wp-block-columns is-layout-flex wp-container-core-columns-is-layout-2 wp-block-columns-is-layout-flex\">\n<div class=\"wp-block-column is-layout-flow wp-block-column-is-layout-flow\" style=\"flex-basis:100%\">\n<div class=\"wp-block-columns is-layout-flex wp-container-core-columns-is-layout-1 wp-block-columns-is-layout-flex\">\n<div class=\"wp-block-column is-layout-flow wp-block-column-is-layout-flow\" style=\"flex-basis:100%\"><div class=\"wp-block-image\">\n<figure class=\"aligncenter size-full\"><img decoding=\"async\" src=\"https:\/\/michaeldoerner.de\/wp-content\/uploads\/ENTRANSITO-Digital-1.pdf\" alt=\"\" class=\"wp-image-964\"\/><figcaption class=\"wp-element-caption\">ENTRANS\u00cdTO, Flyer der Ausstellung<\/figcaption><\/figure><\/div><\/div>\n<\/div>\n\n\n<div class=\"wp-block-image\">\n<figure class=\"aligncenter size-large\"><img loading=\"lazy\" decoding=\"async\" width=\"1024\" height=\"768\" src=\"https:\/\/michaeldoerner.de\/wp-content\/uploads\/IMG_6307-1024x768.jpeg\" alt=\"\" class=\"wp-image-965\"\/><figcaption class=\"wp-element-caption\">Denkbilder Teil 1, Michael D\u00f6rner, Installation Sa Punta des Mol\u00ed, Sant Antoni de Portmany<\/figcaption><\/figure><\/div><\/div>\n<\/div>\n\n\n\n<div class=\"wp-block-columns is-layout-flex wp-container-core-columns-is-layout-4 wp-block-columns-is-layout-flex\">\n<div class=\"wp-block-column is-layout-flow wp-block-column-is-layout-flow\" style=\"flex-basis:100%\">\n<div class=\"wp-block-columns is-layout-flex wp-container-core-columns-is-layout-3 wp-block-columns-is-layout-flex\">\n<div class=\"wp-block-column is-layout-flow wp-block-column-is-layout-flow\"><\/div>\n\n\n\n<div class=\"wp-block-column is-layout-flow wp-block-column-is-layout-flow\"><\/div>\n<\/div>\n\n\n\n<p>\u201cIm\u00e1genes que piensan &#8211; Sombras Breves\u201d<\/p>\n\n\n\n<p>Video, 59:30 &#8220;, Installation, 2023 &#8211; Passwort: Denkbilder01<\/p>\n\n\n\n<figure class=\"wp-block-embed is-type-video is-provider-vimeo wp-block-embed-vimeo wp-embed-aspect-16-9 wp-has-aspect-ratio\"><div class=\"wp-block-embed__wrapper\">\n<iframe loading=\"lazy\" hcb-fetch-image-from=\"https:\/\/vimeo.com\/826619131?share=copy\" src=\"https:\/\/player.vimeo.com\/video\/826619131?dnt=1&amp;app_id=122963\" width=\"700\" height=\"394\" frameborder=\"0\" allow=\"autoplay; fullscreen; picture-in-picture; clipboard-write; encrypted-media\"><\/iframe>\n<\/div><\/figure>\n\n\n\n<p><\/p>\n\n\n\n<p>\u201eDenkbilder \u2013 Kurze Schatten\u201d<a href=\"applewebdata:\/\/3C99B954-3F2F-475C-ABA7-A7825914412A#_ftn1\"><sup>[1]<\/sup><\/a><\/p>\n\n\n\n<p>Ein Zelt auf dem Gel\u00e4nde der Sa Punta des Mol\u00ed erweckt den Eindruck, dass hier etwas nicht mit rechten Dingen zugehen kann. Denn das sowohl das Geb\u00e4ude, als auch das Gel\u00e4nde rund um die alte M\u00fchle, werden nur noch f\u00fcr \u00f6ffentliche Veranstaltungen genutzt. Assoziationen an Fl\u00fcchtlingscamps oder sonstige protestorientierte Campingaktionen, von denen es haufenweise Fotos in den Medien der vergangenen Jahre zu sehen gab, f\u00fchren auf eine falsche Spur. Es ist nur ein Zelt, das der K\u00fcnstler Michael D\u00f6rner f\u00fcr die Verweildauer eines tempor\u00e4ren Projektes aufgebaut hat. Es dient dem K\u00fcnstler als tempor\u00e4re Enklave f\u00fcr einen Film mit Interviews, die er mit Menschen aus Hamburg und anderen gef\u00fchrt hat, die ein Haus auf der Insel besitzen. Im Rahmen des Themas der Ausstellung \u201eENTR\u00c0NSITO\u201c versucht er dem Problem des Begriffes von Heimat, Wahlheimat, aber auch dem Problem der Flucht vor der Heimat und dem Verlust von Heimat, sowie dem Massentourismus und dem Problem der Freiheit des Nomaden am Beispiel Ibizas n\u00e4herzukommen. Das Zelt bietet ihm eine Art Intimsph\u00e4re im Spagat zwischen \u00f6ffentlichem und privatem Raum. Hier sollen verschiedenen Positionen und Meinungen Raum gegeben werden, auch wenn er nur tempor\u00e4r und situativ erscheint. Der Film in der Ausstellung ist der erste Teil eines l\u00e4ngerfristigen Projektes. Ein weiterer Film mit in San Antonio lebenden Menschen wird folgen.<\/p>\n\n\n\n<hr class=\"wp-block-separator has-alpha-channel-opacity\"\/>\n\n\n\n<p><a href=\"applewebdata:\/\/3C99B954-3F2F-475C-ABA7-A7825914412A#_ftnref1\"><sup>[1]<\/sup><\/a>&nbsp;Nach Walter Benjamin<\/p>\n<\/div>\n<\/div>","protected":false},"excerpt":{"rendered":"<p>ENTRANS\u00cdTO<br \/>\nSa Punta des Mol\u00ed, San Antoni de Portmany<br \/>\n24.04.23 bis 30.04.23<\/p>","protected":false},"author":1,"featured_media":972,"comment_status":"closed","ping_status":"open","sticky":false,"template":"","format":"standard","meta":{"footnotes":""},"categories":[12],"tags":[75,78,15,31,76,33,77],"class_list":["post-962","post","type-post","status-publish","format-standard","has-post-thumbnail","hentry","category-einladungen","tag-75","tag-denkbilder","tag-featured","tag-film","tag-ibiza","tag-installation","tag-san-antoni","has-thumbnail"],"_links":{"self":[{"href":"https:\/\/michaeldoerner.de\/en\/wp-json\/wp\/v2\/posts\/962","targetHints":{"allow":["GET"]}}],"collection":[{"href":"https:\/\/michaeldoerner.de\/en\/wp-json\/wp\/v2\/posts"}],"about":[{"href":"https:\/\/michaeldoerner.de\/en\/wp-json\/wp\/v2\/types\/post"}],"author":[{"embeddable":true,"href":"https:\/\/michaeldoerner.de\/en\/wp-json\/wp\/v2\/users\/1"}],"replies":[{"embeddable":true,"href":"https:\/\/michaeldoerner.de\/en\/wp-json\/wp\/v2\/comments?post=962"}],"version-history":[{"count":8,"href":"https:\/\/michaeldoerner.de\/en\/wp-json\/wp\/v2\/posts\/962\/revisions"}],"predecessor-version":[{"id":1060,"href":"https:\/\/michaeldoerner.de\/en\/wp-json\/wp\/v2\/posts\/962\/revisions\/1060"}],"wp:featuredmedia":[{"embeddable":true,"href":"https:\/\/michaeldoerner.de\/en\/wp-json\/wp\/v2\/media\/972"}],"wp:attachment":[{"href":"https:\/\/michaeldoerner.de\/en\/wp-json\/wp\/v2\/media?parent=962"}],"wp:term":[{"taxonomy":"category","embeddable":true,"href":"https:\/\/michaeldoerner.de\/en\/wp-json\/wp\/v2\/categories?post=962"},{"taxonomy":"post_tag","embeddable":true,"href":"https:\/\/michaeldoerner.de\/en\/wp-json\/wp\/v2\/tags?post=962"}],"curies":[{"name":"wp","href":"https:\/\/api.w.org\/{rel}","templated":true}]}}