{"id":392,"date":"2014-03-17T22:55:12","date_gmt":"2014-03-17T21:55:12","guid":{"rendered":"https:\/\/michaeldoerner.de\/?p=392"},"modified":"2021-09-16T13:05:59","modified_gmt":"2021-09-16T11:05:59","slug":"kunstfruehling-bremen-wer-hat-angst","status":"publish","type":"post","link":"https:\/\/michaeldoerner.de\/en\/arbeiten\/installationen\/kunstfruehling-bremen-wer-hat-angst\/","title":{"rendered":"Kunstfr\u00fchling Bremen: &#8222;Wer hat Angst\u201c"},"content":{"rendered":"<p>Wer nur von weitem schaut und auch nur geradeaus, sieht einen roten Balken, der horizontal im Raum schwebt und sich leuchtend aus der eher grauen und dunklen Umgebung der Gleishalle heraushebt. Erst bei n\u00e4herem Herantreten wird deutlich, dass das scheinbar flache minimalistische Objekt nur eine Illusion ist, die auf der axialen Perspektive sowie auf der Tatsache beruht, dass sich das rote Gebilde genau in unserer Augenh\u00f6he befindet.<\/p>\n\n\n\n<figure class=\"wp-block-gallery alignfull columns-2 is-cropped wp-block-gallery-1 is-layout-flex wp-block-gallery-is-layout-flex\"><ul class=\"blocks-gallery-grid\"><li class=\"blocks-gallery-item\"><figure><a href=\"https:\/\/michaeldoerner.de\/wp-content\/uploads\/kunstfruehling_bremen04_xl.jpg\"><img loading=\"lazy\" decoding=\"async\" width=\"768\" height=\"500\" src=\"https:\/\/michaeldoerner.de\/wp-content\/uploads\/kunstfruehling_bremen04_xl.jpg\" alt=\"\" data-id=\"262\" data-full-url=\"https:\/\/michaeldoerner.de\/wp-content\/uploads\/kunstfruehling_bremen04_xl.jpg\" data-link=\"https:\/\/michaeldoerner.de\/kunstfruehling_bremen04_xl\/\" class=\"wp-image-262\" srcset=\"https:\/\/michaeldoerner.de\/wp-content\/uploads\/kunstfruehling_bremen04_xl.jpg 768w, https:\/\/michaeldoerner.de\/wp-content\/uploads\/kunstfruehling_bremen04_xl-300x195.jpg 300w, https:\/\/michaeldoerner.de\/wp-content\/uploads\/kunstfruehling_bremen04_xl-16x10.jpg 16w\" sizes=\"auto, (max-width: 768px) 100vw, 768px\" \/><\/a><\/figure><\/li><li class=\"blocks-gallery-item\"><figure><a href=\"https:\/\/michaeldoerner.de\/wp-content\/uploads\/kunstfruehling_bremen02_xl.jpg\"><img loading=\"lazy\" decoding=\"async\" width=\"768\" height=\"500\" src=\"https:\/\/michaeldoerner.de\/wp-content\/uploads\/kunstfruehling_bremen02_xl.jpg\" alt=\"\" data-id=\"258\" data-full-url=\"https:\/\/michaeldoerner.de\/wp-content\/uploads\/kunstfruehling_bremen02_xl.jpg\" data-link=\"https:\/\/michaeldoerner.de\/kunstfruehling_bremen02_xl\/\" class=\"wp-image-258\" srcset=\"https:\/\/michaeldoerner.de\/wp-content\/uploads\/kunstfruehling_bremen02_xl.jpg 768w, https:\/\/michaeldoerner.de\/wp-content\/uploads\/kunstfruehling_bremen02_xl-300x195.jpg 300w, https:\/\/michaeldoerner.de\/wp-content\/uploads\/kunstfruehling_bremen02_xl-16x10.jpg 16w\" sizes=\"auto, (max-width: 768px) 100vw, 768px\" \/><\/a><\/figure><\/li><\/ul><\/figure>\n\n\n\n<p>Gleichsam auf den Kopf gestellt ist die gel\u00e4ufige Erfahrung, dass ein Bild einen Raum suggeriert, aber sich dann \u201enur\u201c als eine bemalte oder mit anderen bildnerischen Mitteln gestaltete Fl\u00e4che entpuppt. Denn bei D\u00f6rner ist das, was zun\u00e4chst flach schien, in Wahrheit ein r\u00e4umliches Gebilde mit vier gleich langen Seiten. Aber damit nicht genug, denn wir haben immer noch erfasst, was dieses Objekt \u201eist\u201c. Wenn wir vor ihm stehenbleiben wie vor einem Bild oder einer traditionellen Skulptur, sehen wir zwar die \u00e4u\u00dfere Form, aber nicht das Innenleben.&nbsp;Das \u00c4u\u00dfere ist gleichsam die Fassade, durch die beziehungsweise hier unter der hindurch wir hineintreten d\u00fcrfen, um ins Innere des Geb\u00e4udes zu gelangen. Hier befinden wir uns in einem raffinierten Spiegelkabinett, in dem zahlreiche Gl\u00e4ser und zwei Tiere, ein ausgestopftes und ein nur im Bild vorhandenes, ein fragiles Stillleben bilden, das uns nicht zuletzt an die Unsicherheit und T\u00e4uschbarkeit unserer Wahrnehmung erinnert.<\/p>\n\n\n\n<p>Michael D\u00f6rner hat einen komplexen Illusionsraum errichtet, wobei die Illusion nicht zuletzt darin besteht, zun\u00e4chst etwas g\u00e4nzlich Unillusionistisches vorzugaukeln, n\u00e4mlich ein minimalistisches Objekt, das nicht vorgibt, etwas anderes zu sein als es ist.<\/p>\n\n\n\n<p>Ludwig Seyfarth<\/p>","protected":false},"excerpt":{"rendered":"<p>Wer nur von weitem schaut und auch nur geradeaus, sieht einen roten Balken, der horizontal im Raum schwebt und sich leuchtend aus der eher grauen und dunklen Umgebung der Gleishalle heraushebt. Erst bei n\u00e4herem Herantreten wird deutlich, dass das scheinbar flache minimalistische Objekt nur eine Illusion ist, die auf der axialen Perspektive sowie auf der &hellip; <a href=\"https:\/\/michaeldoerner.de\/en\/arbeiten\/installationen\/kunstfruehling-bremen-wer-hat-angst\/\" class=\"more-link\">Continue reading<span class=\"screen-reader-text\"> &#8222;Kunstfr\u00fchling Bremen: &#8222;Wer hat Angst\u201c&#8220;<\/span><\/a><\/p>","protected":false},"author":1,"featured_media":256,"comment_status":"closed","ping_status":"open","sticky":false,"template":"","format":"standard","meta":{"footnotes":""},"categories":[5,26],"tags":[],"class_list":["post-392","post","type-post","status-publish","format-standard","has-post-thumbnail","hentry","category-installationen","category-2010-2019","has-thumbnail"],"_links":{"self":[{"href":"https:\/\/michaeldoerner.de\/en\/wp-json\/wp\/v2\/posts\/392","targetHints":{"allow":["GET"]}}],"collection":[{"href":"https:\/\/michaeldoerner.de\/en\/wp-json\/wp\/v2\/posts"}],"about":[{"href":"https:\/\/michaeldoerner.de\/en\/wp-json\/wp\/v2\/types\/post"}],"author":[{"embeddable":true,"href":"https:\/\/michaeldoerner.de\/en\/wp-json\/wp\/v2\/users\/1"}],"replies":[{"embeddable":true,"href":"https:\/\/michaeldoerner.de\/en\/wp-json\/wp\/v2\/comments?post=392"}],"version-history":[{"count":4,"href":"https:\/\/michaeldoerner.de\/en\/wp-json\/wp\/v2\/posts\/392\/revisions"}],"predecessor-version":[{"id":517,"href":"https:\/\/michaeldoerner.de\/en\/wp-json\/wp\/v2\/posts\/392\/revisions\/517"}],"wp:featuredmedia":[{"embeddable":true,"href":"https:\/\/michaeldoerner.de\/en\/wp-json\/wp\/v2\/media\/256"}],"wp:attachment":[{"href":"https:\/\/michaeldoerner.de\/en\/wp-json\/wp\/v2\/media?parent=392"}],"wp:term":[{"taxonomy":"category","embeddable":true,"href":"https:\/\/michaeldoerner.de\/en\/wp-json\/wp\/v2\/categories?post=392"},{"taxonomy":"post_tag","embeddable":true,"href":"https:\/\/michaeldoerner.de\/en\/wp-json\/wp\/v2\/tags?post=392"}],"curies":[{"name":"wp","href":"https:\/\/api.w.org\/{rel}","templated":true}]}}