{"id":1058,"date":"2024-05-02T12:47:48","date_gmt":"2024-05-02T10:47:48","guid":{"rendered":"https:\/\/michaeldoerner.de\/?p=1058"},"modified":"2025-03-02T16:20:34","modified_gmt":"2025-03-02T15:20:34","slug":"denkbilder-imagenes-que-piensan","status":"publish","type":"post","link":"https:\/\/michaeldoerner.de\/en\/arbeiten\/installationen\/denkbilder-imagenes-que-piensan\/","title":{"rendered":"Denkbilder &#8211; Im\u00e1genes que piensan"},"content":{"rendered":"<p> <\/p>\n\n\n\n<p>\u201cIm\u00e1genes que piensan &#8211; Sombras Breves\u201d<\/p>\n\n\n\n<p><strong>&#8222;Kurze Schatten\u201d<sup><a href=\"applewebdata:\/\/61E7DB77-3A0E-4A6A-9750-DD7BF32BD649#_ftn1\">[1]<\/a><\/sup>&#8211; &#8222;Sombras Breves&#8220;<\/strong><\/p>\n\n\n\n<p>Ein Zelt auf dem Gel\u00e4nde der Sa Punta des Mol\u00ed erweckt den Eindruck, dass hier etwas nicht mit rechten Dingen zugehen kann. Denn das sowohl das Geb\u00e4ude, als auch das Gel\u00e4nde rund um die alte M\u00fchle, werden nur noch f\u00fcr \u00f6ffentliche Veranstaltungen genutzt. Assoziationen an Fl\u00fcchtlingscamps oder sonstige protestorientierte Campingaktionen, von denen es haufenweise Fotos in den Medien der vergangenen Jahre zu sehen gab, f\u00fchren auf eine falsche Spur. Es ist nur ein Zelt, das der K\u00fcnstler Michael D\u00f6rner f\u00fcr die Verweildauer eines tempor\u00e4ren Projektes aufgebaut hat. Es dient dem K\u00fcnstler als tempor\u00e4re Enklave f\u00fcr einen Film mit Interviews, die er mit Menschen aus Hamburg und anderen gef\u00fchrt hat, die ein Haus auf der Insel besitzen. Im Rahmen des Themas der Ausstellung \u201eENTR\u00c0NSITO\u201c ist er dem Problem des Begriffes von Heimat, Wahlheimat, aber auch dem Problem der Flucht vor der Heimat und dem Verlust von Heimat, sowie dem Massentourismus und dem Problem der Freiheit des Nomaden am Beispiel Ibizas n\u00e4her gekommen. Das Zelt bietet ihm eine Art Intimsph\u00e4re im Spagat zwischen \u00f6ffentlichem und privatem Raum. Hier wird verschiedenen Positionen und Meinungen Raum gegeben, auch wenn dieser Raum nur tempor\u00e4r und situativ erscheint. Dieser Film ist der erste Teil eines zweij\u00e4hrigen Projektes. Der zweite Film entstand mit in San Antonio lebenden Menschen.<\/p>\n\n\n\n<hr class=\"wp-block-separator has-alpha-channel-opacity\"\/>\n\n\n\n<p><a href=\"applewebdata:\/\/61E7DB77-3A0E-4A6A-9750-DD7BF32BD649#_ftnref1\"><sup>[1]<\/sup><\/a>&nbsp;Nach Walter Benjamin<\/p>\n\n\n\n<figure class=\"wp-block-image size-large is-resized\"><img loading=\"lazy\" decoding=\"async\" width=\"1024\" height=\"768\" src=\"https:\/\/michaeldoerner.de\/wp-content\/uploads\/IMG_6307-1024x768.jpeg\" alt=\"\" class=\"wp-image-965\" style=\"width:840px;height:auto\"\/><\/figure>\n\n\n\n<p class=\"has-text-align-left\">Denkbilder Teil 1,  Installationsansicht in Sa Punta des Mali, Sant Antoni de Portmany, Ibiza, 2023<\/p>\n\n\n\n<p><strong>Kurze Schatten &#8211; Sombras Breves<\/strong><\/p>\n\n\n\n<p>Video, 59:30&#8243;, Passwort: Denkbilder01<\/p>\n\n\n\n<figure class=\"wp-block-embed is-type-video is-provider-vimeo wp-block-embed-vimeo wp-embed-aspect-16-9 wp-has-aspect-ratio\"><div class=\"wp-block-embed__wrapper\">\n<iframe loading=\"lazy\" hcb-fetch-image-from=\"https:\/\/vimeo.com\/826619131\" src=\"https:\/\/player.vimeo.com\/video\/826619131?dnt=1&amp;app_id=122963\" width=\"700\" height=\"394\" frameborder=\"0\" allow=\"autoplay; fullscreen; picture-in-picture; clipboard-write; encrypted-media\"><\/iframe>\n<\/div><figcaption class=\"wp-element-caption\">Denkbilder &#8211; Kurze Schatten &#8211; Im\u00e1genes que piensan &#8211; Sombras Breves<\/figcaption><\/figure>\n\n\n\n<div class=\"wp-block-columns is-layout-flex wp-container-core-columns-is-layout-2 wp-block-columns-is-layout-flex\">\n<div class=\"wp-block-column is-layout-flow wp-block-column-is-layout-flow\" style=\"flex-basis:100%\">\n<div class=\"wp-block-columns is-layout-flex wp-container-core-columns-is-layout-1 wp-block-columns-is-layout-flex\">\n<div class=\"wp-block-column is-layout-flow wp-block-column-is-layout-flow\" style=\"flex-basis:100%\">\n<p><strong>Lange Schatten &#8211; Sombras Largas<\/strong><\/p>\n\n\n\n<p>\u201eDenkbilder \u2013 Lange Schatten\u201d<a href=\"applewebdata:\/\/3C99B954-3F2F-475C-ABA7-A7825914412A#_ftn1\"><sup>[1]<\/sup><\/a><\/p>\n\n\n\n<p>Im vergangenen Jahr hat der K\u00fcnstler Michael D\u00f6rner in einem Zelt auf dem Gel\u00e4nde der Sa Punta des Mol\u00ed mit der Installation eines Zeltes den Eindruck erweckt, als w\u00fcrden unberechtigt Personen dort hausen. Es sollten Anspielungen auf Fl\u00fcchtlingscamps und Assoziationen zu Protestaktionen sein &#8211; eine unberechtigte Besetzung \u00f6ffentlichen Terrains. Ein Film mit Interviews, die er mit Menschen aus Hamburg gef\u00fchrt hat, die ein Haus auf der Insel besitzen, wurde im Zelt aufgef\u00fchrt.<br>Die Fl\u00fcchtigkeit der tempor\u00e4ren Installation hat der K\u00fcnstler auch in diesem Jahr beibehalten. Auf dem Au\u00dfengel\u00e4nde des Faro de Ses Coves Blances wird wieder eine tempor\u00e4re Behausung, diesmal  in Form eines Pferdewagens, als Raum f\u00fcr den zweiten Teil des Filmprojektes dienen. Mit dem Teil 2 wird diese Arbeit vollendet. Die Interviews und Sequenzen, die im Film zu sehen sind, wurden allesamt in San Antonio oder auf der Insel Ibiza gedreht. Die Personen, die auf die Fragen des K\u00fcnstlers antworten, sind allesamt Einwohner von Ibiza oder der Stadt San Antonia. Aus den kurzen Schatten der Denkbilder sind nun lange Schatten geworden. Es ist sehr spannend zu sehen, wie sich die Perspektiven der unterschiedlichen Interessengruppen ver\u00e4ndern und wie unterschiedlich die Insel, mit all ihren M\u00f6glichkeiten wahrgenommen wird.<\/p>\n\n\n\n<hr class=\"wp-block-separator has-alpha-channel-opacity\"\/>\n\n\n\n<p><a href=\"applewebdata:\/\/3C99B954-3F2F-475C-ABA7-A7825914412A#_ftnref1\"><sup>[1]<\/sup><\/a>&nbsp;Nach Walter Benjamin<\/p>\n<\/div>\n<\/div>\n\n\n\n<figure class=\"wp-block-image size-large\"><img loading=\"lazy\" decoding=\"async\" width=\"1024\" height=\"768\" src=\"https:\/\/michaeldoerner.de\/wp-content\/uploads\/IMG_1543-1024x768.jpeg\" alt=\"\" class=\"wp-image-1019\"\/><figcaption class=\"wp-element-caption\">Denkbilder Teil 2, Installationsansicht, El de Faro Ses Coves Blances, Sant Antoni de Portmany<\/figcaption><\/figure>\n\n\n\n<p><\/p>\n\n\n\n<figure class=\"wp-block-image size-large\"><img loading=\"lazy\" decoding=\"async\" width=\"768\" height=\"1024\" src=\"https:\/\/michaeldoerner.de\/wp-content\/uploads\/IMG_1528-1-768x1024.jpeg\" alt=\"\" class=\"wp-image-1022\" srcset=\"https:\/\/michaeldoerner.de\/wp-content\/uploads\/IMG_1528-1-768x1024.jpeg 768w, https:\/\/michaeldoerner.de\/wp-content\/uploads\/IMG_1528-1-225x300.jpeg 225w, https:\/\/michaeldoerner.de\/wp-content\/uploads\/IMG_1528-1-1152x1536.jpeg 1152w, https:\/\/michaeldoerner.de\/wp-content\/uploads\/IMG_1528-1-1536x2048.jpeg 1536w, https:\/\/michaeldoerner.de\/wp-content\/uploads\/IMG_1528-1-9x12.jpeg 9w, https:\/\/michaeldoerner.de\/wp-content\/uploads\/IMG_1528-1-900x1200.jpeg 900w, https:\/\/michaeldoerner.de\/wp-content\/uploads\/IMG_1528-1-1140x1520.jpeg 1140w, https:\/\/michaeldoerner.de\/wp-content\/uploads\/IMG_1528-1-scaled.jpeg 1920w\" sizes=\"auto, (max-width: 768px) 100vw, 768px\" \/><\/figure>\n\n\n\n<p class=\"has-text-align-left\">Denkbilder Teil 2, Installationsansicht, El de Faro Ses Coves Blances, Sant Antoni de Portmany<\/p>\n<\/div>\n<\/div>\n\n\n\n<div class=\"wp-block-columns is-layout-flex wp-container-core-columns-is-layout-3 wp-block-columns-is-layout-flex\">\n<div class=\"wp-block-column is-layout-flow wp-block-column-is-layout-flow\" style=\"flex-basis:100%\">\n<p><strong>Lange Schatten &#8211; Sombras Largas<\/strong><\/p>\n\n\n\n<p>Video, 56:40 &#8220; &#8211; Passwort: Denkbilder02<\/p>\n\n\n\n<figure class=\"wp-block-embed is-type-video is-provider-vimeo wp-block-embed-vimeo wp-embed-aspect-16-9 wp-has-aspect-ratio\"><div class=\"wp-block-embed__wrapper\">\n<iframe loading=\"lazy\" hcb-fetch-image-from=\"https:\/\/vimeo.com\/940369041\" src=\"https:\/\/player.vimeo.com\/video\/940369041?dnt=1&amp;app_id=122963\" width=\"700\" height=\"394\" frameborder=\"0\" allow=\"autoplay; fullscreen; picture-in-picture; clipboard-write; encrypted-media\"><\/iframe>\n<\/div><\/figure>\n<\/div>\n<\/div>","protected":false},"excerpt":{"rendered":"<p>Denkbilder &#8211; Im\u00e1genes que piensan<\/p>","protected":false},"author":1,"featured_media":965,"comment_status":"closed","ping_status":"open","sticky":false,"template":"","format":"standard","meta":{"footnotes":""},"categories":[30,5,27],"tags":[82,78,15,31,76,33,77],"class_list":["post-1058","post","type-post","status-publish","format-standard","has-post-thumbnail","hentry","category-filme","category-installationen","category-2020-jetzt","tag-82","tag-denkbilder","tag-featured","tag-film","tag-ibiza","tag-installation","tag-san-antoni","has-thumbnail"],"_links":{"self":[{"href":"https:\/\/michaeldoerner.de\/en\/wp-json\/wp\/v2\/posts\/1058","targetHints":{"allow":["GET"]}}],"collection":[{"href":"https:\/\/michaeldoerner.de\/en\/wp-json\/wp\/v2\/posts"}],"about":[{"href":"https:\/\/michaeldoerner.de\/en\/wp-json\/wp\/v2\/types\/post"}],"author":[{"embeddable":true,"href":"https:\/\/michaeldoerner.de\/en\/wp-json\/wp\/v2\/users\/1"}],"replies":[{"embeddable":true,"href":"https:\/\/michaeldoerner.de\/en\/wp-json\/wp\/v2\/comments?post=1058"}],"version-history":[{"count":9,"href":"https:\/\/michaeldoerner.de\/en\/wp-json\/wp\/v2\/posts\/1058\/revisions"}],"predecessor-version":[{"id":1079,"href":"https:\/\/michaeldoerner.de\/en\/wp-json\/wp\/v2\/posts\/1058\/revisions\/1079"}],"wp:featuredmedia":[{"embeddable":true,"href":"https:\/\/michaeldoerner.de\/en\/wp-json\/wp\/v2\/media\/965"}],"wp:attachment":[{"href":"https:\/\/michaeldoerner.de\/en\/wp-json\/wp\/v2\/media?parent=1058"}],"wp:term":[{"taxonomy":"category","embeddable":true,"href":"https:\/\/michaeldoerner.de\/en\/wp-json\/wp\/v2\/categories?post=1058"},{"taxonomy":"post_tag","embeddable":true,"href":"https:\/\/michaeldoerner.de\/en\/wp-json\/wp\/v2\/tags?post=1058"}],"curies":[{"name":"wp","href":"https:\/\/api.w.org\/{rel}","templated":true}]}}