{"id":1034,"date":"2024-03-14T22:10:31","date_gmt":"2024-03-14T21:10:31","guid":{"rendered":"https:\/\/michaeldoerner.de\/?p=1034"},"modified":"2024-08-27T22:12:33","modified_gmt":"2024-08-27T20:12:33","slug":"relevanz-der-naehe","status":"publish","type":"post","link":"https:\/\/michaeldoerner.de\/en\/arbeiten\/installationen\/relevanz-der-naehe\/","title":{"rendered":"Relevanz der N\u00e4he"},"content":{"rendered":"<p>Kulturforum und Kunstverein Schwimmhalle Schloss Pl\u00f6n<\/p>\n\n\n\n<p>17. M\u00e4rz 2024 bis 21. April 2024<\/p>\n\n\n\n<p><strong>Participation \u201eYou finish it\u201c, Serie von DIN A3 Bl\u00e4ttern, Lack auf Papier 2020-23<\/strong><\/p>\n\n\n\n<p>Das wei\u00dfe unbeschrieben Blatt wird mit einer Lackfarbschicht deckend bestrichen. Im zweiten oder manchmal auch dritten Durchgang werden, einer spontanen Eingebung folgend, Linien, Fl\u00e4chen oder Schlieren mit dem Pinsel aufgetragen. Der K\u00fcnstler versucht hierbei das Blatt in einem Schwebezustand zwischen fertig und unvollendet zu halten. Dieser Zustand kann, muss aber nicht andere dazu bringen, das Bild weiter zu bearbeiten. Die Partizipation beginnt schon bei der Entscheidung, die Zeichnung im Urzustand zu lassen oder sie zu ver\u00e4ndern.&nbsp;<\/p>\n\n\n\n<p><strong>Emotionen I, II und III, Serie von DIN A3 Bl\u00e4ttern, Lack auf Papier 2020-23<\/strong>&nbsp;<\/p>\n\n\n\n<p>Den Bl\u00e4ttern liegen \u00e4hnlich wie in der Serie \u201eParticipation \u2013 You finish it\u201c, einfache Lackfl\u00e4chen und Pinself\u00fchrungen zugrunde. In den drei Serien Emotionen hat der K\u00fcnstler die Arbeiten selbst beendet und l\u00e4sst keine Teilnahme durch \u00dcberarbeitung zu.<\/p>\n\n\n\n<p>W\u00e4hrend in Serie \u201eEmotionen I\u201c zellstoffartige farbige Papiere aus Japan collagiert wurden, so waren es in \u201eEmotionen II\u201c dann Gardinenstoffe und in Serie \u201eEmotionen III\u201c dann gef\u00e4rbte Silikon Abdrucke, die zum Finish der Zeichnungen wurden.<\/p>\n\n\n\n<p>In dieser Ausstellung sind neben den beiden Filmen &#8222;Allein mit C1&#8220; und &#8222;Allein mit C2&#8220; nur Papierarbeiten ausgestellt, die kurz vor, w\u00e4hrend und kurz nach der Corona-Zeit entstanden sind.<\/p>\n\n\n\n<div class=\"wp-block-columns is-layout-flex wp-container-core-columns-is-layout-2 wp-block-columns-is-layout-flex\">\n<div class=\"wp-block-column is-layout-flow wp-block-column-is-layout-flow\" style=\"flex-basis:100%\">\n<div class=\"wp-block-columns is-layout-flex wp-container-core-columns-is-layout-1 wp-block-columns-is-layout-flex\">\n<div class=\"wp-block-column is-layout-flow wp-block-column-is-layout-flow\" style=\"flex-basis:100%\"><div class=\"wp-block-image\">\n<figure class=\"aligncenter size-large\"><img loading=\"lazy\" decoding=\"async\" width=\"965\" height=\"1024\" src=\"https:\/\/michaeldoerner.de\/wp-content\/uploads\/FA2024-Michael-Doerner-Karte-1-965x1024.jpg\" alt=\"\" class=\"wp-image-1039\" srcset=\"https:\/\/michaeldoerner.de\/wp-content\/uploads\/FA2024-Michael-Doerner-Karte-1-965x1024.jpg 965w, https:\/\/michaeldoerner.de\/wp-content\/uploads\/FA2024-Michael-Doerner-Karte-1-283x300.jpg 283w, https:\/\/michaeldoerner.de\/wp-content\/uploads\/FA2024-Michael-Doerner-Karte-1-768x815.jpg 768w, https:\/\/michaeldoerner.de\/wp-content\/uploads\/FA2024-Michael-Doerner-Karte-1-1448x1536.jpg 1448w, https:\/\/michaeldoerner.de\/wp-content\/uploads\/FA2024-Michael-Doerner-Karte-1-1931x2048.jpg 1931w, https:\/\/michaeldoerner.de\/wp-content\/uploads\/FA2024-Michael-Doerner-Karte-1-11x12.jpg 11w, https:\/\/michaeldoerner.de\/wp-content\/uploads\/FA2024-Michael-Doerner-Karte-1-900x955.jpg 900w, https:\/\/michaeldoerner.de\/wp-content\/uploads\/FA2024-Michael-Doerner-Karte-1-1140x1209.jpg 1140w\" sizes=\"auto, (max-width: 965px) 100vw, 965px\" \/><figcaption class=\"wp-element-caption\">Flyer der Ausstellung &#8222;Relevanz der N\u00e4he&#8220; 2024<\/figcaption><\/figure><\/div><\/div>\n<\/div>\n<\/div>\n<\/div>\n\n\n\n<div class=\"wp-block-columns is-layout-flex wp-container-core-columns-is-layout-4 wp-block-columns-is-layout-flex\">\n<div class=\"wp-block-column is-layout-flow wp-block-column-is-layout-flow\" style=\"flex-basis:100%\">\n<div class=\"wp-block-columns is-layout-flex wp-container-core-columns-is-layout-3 wp-block-columns-is-layout-flex\">\n<div class=\"wp-block-column is-layout-flow wp-block-column-is-layout-flow\" style=\"flex-basis:100%\"><div class=\"wp-block-image\">\n<figure class=\"aligncenter size-large is-resized\"><img loading=\"lazy\" decoding=\"async\" width=\"1024\" height=\"768\" src=\"https:\/\/michaeldoerner.de\/wp-content\/uploads\/IMG_1054-2-1024x768.jpeg\" alt=\"\" class=\"wp-image-1037\" style=\"width:840px;height:auto\" srcset=\"https:\/\/michaeldoerner.de\/wp-content\/uploads\/IMG_1054-2-1024x768.jpeg 1024w, https:\/\/michaeldoerner.de\/wp-content\/uploads\/IMG_1054-2-300x225.jpeg 300w, https:\/\/michaeldoerner.de\/wp-content\/uploads\/IMG_1054-2-768x576.jpeg 768w, https:\/\/michaeldoerner.de\/wp-content\/uploads\/IMG_1054-2-1536x1152.jpeg 1536w, https:\/\/michaeldoerner.de\/wp-content\/uploads\/IMG_1054-2-2048x1536.jpeg 2048w, https:\/\/michaeldoerner.de\/wp-content\/uploads\/IMG_1054-2-16x12.jpeg 16w, https:\/\/michaeldoerner.de\/wp-content\/uploads\/IMG_1054-2-900x675.jpeg 900w, https:\/\/michaeldoerner.de\/wp-content\/uploads\/IMG_1054-2-1140x855.jpeg 1140w\" sizes=\"auto, (max-width: 1024px) 100vw, 1024px\" \/><figcaption class=\"wp-element-caption\">&#8222;<strong>Relevanz der N\u00e4he&#8220;<\/strong>, Kulturforum Schwimmhalle Schloss Pl\u00f6n, 2024<\/figcaption><\/figure><\/div><\/div>\n<\/div>\n<\/div>\n<\/div>\n\n\n\n<div class=\"wp-block-columns is-layout-flex wp-container-core-columns-is-layout-6 wp-block-columns-is-layout-flex\">\n<div class=\"wp-block-column is-layout-flow wp-block-column-is-layout-flow\" style=\"flex-basis:100%\">\n<div class=\"wp-block-group alignfull\"><div class=\"wp-block-group__inner-container is-layout-flow wp-block-group-is-layout-flow\">\n<div class=\"wp-block-columns is-layout-flex wp-container-core-columns-is-layout-5 wp-block-columns-is-layout-flex\">\n<div class=\"wp-block-column is-layout-flow wp-block-column-is-layout-flow\" style=\"flex-basis:100%\"><div class=\"wp-block-image\">\n<figure class=\"aligncenter size-large\"><img loading=\"lazy\" decoding=\"async\" width=\"1024\" height=\"657\" src=\"https:\/\/michaeldoerner.de\/wp-content\/uploads\/IMG_1020-2-1024x657.jpeg\" alt=\"\" class=\"wp-image-1038\" srcset=\"https:\/\/michaeldoerner.de\/wp-content\/uploads\/IMG_1020-2-1024x657.jpeg 1024w, https:\/\/michaeldoerner.de\/wp-content\/uploads\/IMG_1020-2-300x192.jpeg 300w, https:\/\/michaeldoerner.de\/wp-content\/uploads\/IMG_1020-2-768x493.jpeg 768w, https:\/\/michaeldoerner.de\/wp-content\/uploads\/IMG_1020-2-1536x985.jpeg 1536w, https:\/\/michaeldoerner.de\/wp-content\/uploads\/IMG_1020-2-2048x1314.jpeg 2048w, https:\/\/michaeldoerner.de\/wp-content\/uploads\/IMG_1020-2-18x12.jpeg 18w, https:\/\/michaeldoerner.de\/wp-content\/uploads\/IMG_1020-2-900x577.jpeg 900w, https:\/\/michaeldoerner.de\/wp-content\/uploads\/IMG_1020-2-1140x731.jpeg 1140w\" sizes=\"auto, (max-width: 1024px) 100vw, 1024px\" \/><figcaption class=\"wp-element-caption\">&#8222;<strong>Emotionen II&#8220;<\/strong>, Lack auf Papier, Stoffcollagen, DIN A4, 2024<\/figcaption><\/figure><\/div><\/div>\n<\/div>\n<\/div><\/div>\n<\/div>\n<\/div>","protected":false},"excerpt":{"rendered":"<p>Relevanz der N\u00e4he<\/p>","protected":false},"author":1,"featured_media":1038,"comment_status":"closed","ping_status":"open","sticky":false,"template":"","format":"standard","meta":{"footnotes":""},"categories":[12,5],"tags":[82,58,59,68,15,70,83],"class_list":["post-1034","post","type-post","status-publish","format-standard","has-post-thumbnail","hentry","category-einladungen","category-installationen","tag-82","tag-allein-mit-c","tag-corona","tag-emotionen","tag-featured","tag-participation","tag-relevanz-der-naehe","has-thumbnail"],"_links":{"self":[{"href":"https:\/\/michaeldoerner.de\/en\/wp-json\/wp\/v2\/posts\/1034","targetHints":{"allow":["GET"]}}],"collection":[{"href":"https:\/\/michaeldoerner.de\/en\/wp-json\/wp\/v2\/posts"}],"about":[{"href":"https:\/\/michaeldoerner.de\/en\/wp-json\/wp\/v2\/types\/post"}],"author":[{"embeddable":true,"href":"https:\/\/michaeldoerner.de\/en\/wp-json\/wp\/v2\/users\/1"}],"replies":[{"embeddable":true,"href":"https:\/\/michaeldoerner.de\/en\/wp-json\/wp\/v2\/comments?post=1034"}],"version-history":[{"count":2,"href":"https:\/\/michaeldoerner.de\/en\/wp-json\/wp\/v2\/posts\/1034\/revisions"}],"predecessor-version":[{"id":1040,"href":"https:\/\/michaeldoerner.de\/en\/wp-json\/wp\/v2\/posts\/1034\/revisions\/1040"}],"wp:featuredmedia":[{"embeddable":true,"href":"https:\/\/michaeldoerner.de\/en\/wp-json\/wp\/v2\/media\/1038"}],"wp:attachment":[{"href":"https:\/\/michaeldoerner.de\/en\/wp-json\/wp\/v2\/media?parent=1034"}],"wp:term":[{"taxonomy":"category","embeddable":true,"href":"https:\/\/michaeldoerner.de\/en\/wp-json\/wp\/v2\/categories?post=1034"},{"taxonomy":"post_tag","embeddable":true,"href":"https:\/\/michaeldoerner.de\/en\/wp-json\/wp\/v2\/tags?post=1034"}],"curies":[{"name":"wp","href":"https:\/\/api.w.org\/{rel}","templated":true}]}}